{"id":523,"date":"2023-10-05T14:31:48","date_gmt":"2023-10-05T18:31:48","guid":{"rendered":"https:\/\/childcareforeveryfamily.org\/?post_type=press_releases&#038;p=523"},"modified":"2023-10-05T15:14:54","modified_gmt":"2023-10-05T19:14:54","slug":"network-news-september-2023","status":"publish","type":"press_releases","link":"https:\/\/childcareforeveryfamily.org\/es\/press-release\/network-news-september-2023\/","title":{"rendered":"Noticias de la red: septiembre 2023"},"content":{"rendered":"<p>El \u00edmpetu de cuidado infantil empieza a cambiar de rumbo. Este movimiento\u2014unido como una red poderosa \u2014est\u00e1 desarrollando verdadero poder. Esto es lo que hemos hecho juntas este mes:<\/p>\n\n\n\n<ul><li>Terminamos la primera fase de un proceso de dos fases para alinearnos con nuestros principios compartidos de pol\u00edtica. \u00a1Pr\u00f3ximamente la compartiremos p\u00fablicamente junto con las herramientas para ampliarla!<\/li><li>Creamos un plan con un excelente equipo de padres y miembros de la familia afectados, proveedores y defensores estatales y nacionales para desarrollar el poder estatal que necesitamos para ganar inversiones federales grandes para cuidado infantil.&nbsp;&nbsp;<\/li><li>\u00a1Lanzamos nuestro Grupo Electoral de Proveedoras! Este organismos de liderazgo de la Red incluye todo tipo de proveedoras de todo el pa\u00eds quienes trabajar\u00e1n junto con los l\u00edderes de nuestros Grupo Electoral de Padres\/Familias para ayudar a darle forma y avanzar con todas las metas de la Red.&nbsp;<\/li><li>Planeamos reunirnos como red en Washington, D.C., en octubre para nuestra Asamblea anual de esfuerzos comunitarios a nivel regional. Las familias, proveedores y organizadores se podr\u00e1n conectar y establecer relaciones en persona a la vez que apoyan los esfuerzos locales y nacionales para avanzar nuestra agenda.&nbsp;<\/li><\/ul>\n\n\n\n<p>Mientras llev\u00e1bamos a cabo este trabajo a largo plazo del movimiento, los socios de la Red tambi\u00e9n trabajaron juntos para crear una respuesta robusta con respecto a los fondos de alivio para cuidado infantil que vencen el 30 de septiembre. M\u00e1s de 1,000 organizaciones a nivel estatal y nacional firmaron la carta exigi\u00e9ndo al Congreso que act\u00fae. Debido al poder que hemos creado, el Congreso respondi\u00f3 a nuestra exigencia. <strong>Because of the power we\u2019ve worked to create, Congress responded to our demand.<\/strong><\/p>\n\n\n\n<ul><li>Senadora Patty Murray (D-WA), Senador Bernie Sanders (I-VT), L\u00edder Dem\u00f3crata de la C\u00e1mara Katherine Clark (D-MA-05), Representante Rosa DeLauro (D-CT-03), Representante Bobby Scott (D-VA-03), y Representantes Suzanne Bonamici (D-OR-01), Mikie Sherrill (D-NJ-11), Sara Jacobs (D-CA-51), Jimmy Gomez (D-CA-34), y Jamaal Bowman, Ed.D. (D-NY-16) presentaron <a href=\"https:\/\/www.murray.senate.gov\/murray-sanders-clark-colleagues-introduce-bill-to-extend-vital-child-care-funding-and-save-millions-of-families-child-care-spots-as-funding-cliff-looms\/#:~:text=The%20Child%20Care%20Stabilization%20Act%20would%20prevent%20a%20potential%20crisis,Child%20Care%20Stabilization%20Grant%20program.\">la Ley de Estabilizaci\u00f3n de Cuidado Infantil,<\/a>que proporcionar\u00e1 $16 mil millones de fondos de emergencia por a\u00f1o durante los siguientes cinco a\u00f1os.&nbsp;<\/li><li>Esta semana, la Camarilla Dem\u00f3crata de Mujeres \/ Democratic Women\u2019s Caucus y la Camarilla de pap\u00e1s realizaron una <a href=\"https:\/\/democraticwomenscaucus-frankel.house.gov\/media\/press-releases\/dem-womens-caucus-and-dads-caucus-rally-child-care-action\">rueda de prensa<\/a> afuera del Capitolio exhortando al Presidente de la C\u00e1mara Kevin McCarthy y al liderazgo republicano de la C\u00e1mara para que actuaran\u2014incluyendo realizar una votaci\u00f3n en el piso para la Ley de Estabilizaci\u00f3n de Cuidado Infantil\u2014ante el inminente abismo financiero de cuidado infantil el 30 de septiembre.&nbsp;&nbsp;<\/li><\/ul>\n\n\n\n<p><strong>Los republicanos de la c\u00e1mara nos mantienen como reh\u00e9nes al incumplir los niveles de financiamiento acordados en el acuerdo bipartidista de l\u00edmite de deuda del verano. <\/strong>Si no llegan a un acuerdo para el 17 de noviembre, nuestro gobierno cerrar\u00e1, devastando a\u00fan m\u00e1s el cuidado infantil. La Casa Blanca estima que aproximadamente 10,000 ni\u00f1os perder\u00e1n acceso al cuidado infantil a partir de noviembre cuando los centros Head Start cierren debido a la falta de fondos. Lea m\u00e1s acerca de otros impactos <a href=\"https:\/\/time.com\/6316879\/how-government-shutdown-affects-americans\/\">aqu\u00ed<\/a>.&nbsp;<\/p>\n\n\n\n<p><strong>Qu\u00e9 hacer: <\/strong>A continuaci\u00f3n hay muchas maneras donde usted o su organizaci\u00f3n pueden involucrarse con socios de la Red de todo el pa\u00eds para presionar al Congreso a que aprueba la Ley de Estabilizaci\u00f3n de Cuidado Infantil Y seguir involucr\u00e1ndose en nuestro movimiento compartido para desarrollar un sistema de cuidado infantil equitativo y universal que las familias, los proveedores y los ni\u00f1os y nuestra econom\u00eda necesitan. \u00a1Esperamos verlos en l\u00ednea y en persona este oto\u00f1o!<\/p>\n\n\n\n<hr class=\"wp-block-separator has-alpha-channel-opacity\"\/>\n\n\n\n<h2 class=\"wp-block-heading\"><strong>Propuestas de la Red<\/strong><\/h2>\n\n\n\n<p>Consideramos que la educaci\u00f3n y el conocimiento compartido es clave para un movimiento s\u00f3lido. Vea nuestros videos y entrenamientos aqu\u00ed: childcareforeveryfamily.org\/es\/learn<\/p>\n\n\n\n<p>La contrase\u00f1a para ver todos nuestros videos es <em>united4childcare<\/em><\/p>\n\n\n\n<hr class=\"wp-block-separator has-alpha-channel-opacity\"\/>\n\n\n\n<h2 class=\"wp-block-heading\"><strong>Eventos de colaboradores y fechas importantes<\/strong><\/h2>\n\n\n\n<ul><li><strong>10\/5: <\/strong>World Teachers Day \/ D\u00eda Mundial del maestro(a)<\/li><li><strong>10\/10: <\/strong>World Mental Health Day \/ D\u00eda Mundial de la Salud Mental<\/li><li><strong>10\/10: <\/strong>Indigenous People's Day \/ D\u00eda de las personas ind\u00edgenas<\/li><li><strong>10\/11: <\/strong>National Coming Out Day \/ D\u00eda Nacional de Presentaci\u00f3n<\/li><li><strong>10\/24:<\/strong> Diwali<\/li><li><strong>10\/31: <\/strong>Halloween<\/li><\/ul>\n\n\n\n<hr class=\"wp-block-separator has-alpha-channel-opacity\"\/>\n\n\n\n<h2 class=\"wp-block-heading\"><strong>Recursos, herramientas y oportunidades<\/strong><\/h2>\n\n\n\n<ul><li><a href=\"https:\/\/docs.google.com\/document\/d\/1nYoKvE-TuzNBoOcHG9U0eonTpEWm_BFoWvja-RWXvfw\/edit#heading=h.bjd13phzuw4\">Colecci\u00f3n de herramientas y recursos para las redes sociales<\/a> para hablar acerca de la Ley de Estabilizaci\u00f3n de Cuidado Infantil y el abismo financiero (ingl\u00e9s\/espa\u00f1ol)<\/li><li>La Red Child Care for Every Family Network est\u00e1 contratando a un(a) <a href=\"https:\/\/childcareforeveryfamily.org\/es\/careers\/\">Director(a) organizacional de capacidad de la Red<\/a><\/li><li>La Asociaci\u00f3n Nacional de Cuidado Infantil Familiar \/  National Association for Family Child Care (NAFCC, por sus siglas en ingl\u00e9s) est\u00e1 contratando a un(a) <a href=\"https:\/\/nafcc.isolvedhire.com\/jobs\/987100.html\">Director Quality Assessment &amp; Recognition<\/a><\/li><li>The Southern Education Foundation for an <a href=\"https:\/\/southerneducation.org\/careers\/#openings\">Early Childhood Education Senior Fellow<\/a><\/li><li>Save the Children Action Network (SCAN) is hiring for a <a href=\"https:\/\/recruiting.ultipro.com\/SAV1002STCF\/JobBoard\/7d92e82b-af74-464d-859b-c5b8cba6e92e\/OpportunityDetail?opportunityId=5693b23e-6141-42a7-9e75-01026b364022\">Senior Director, Partnerships &amp; Family Engagement<\/a>.<\/li><li>La Asociaci\u00f3n Nacional de Cuidado Infantil Familiar \/  National Association for Family Child Care (NAFCC, por sus siglas en ingl\u00e9s) est\u00e1 contratando a un(a) <a href=\"https:\/\/nafcc.isolvedhire.com\/jobs\/987100.html\">Director Quality Assessment &amp; Recognition &#8211; Washington, DC &#8211; NAFCC Jobs<\/a><\/li><\/ul>\n\n\n\n<hr class=\"wp-block-separator has-alpha-channel-opacity\"\/>\n\n\n\n<h2 class=\"wp-block-heading\"><strong>Datos e investigaci\u00f3n reciente<\/strong><\/h2>\n\n\n\n<p>\u27a1\ufe0f <strong>RAPID Survey:<\/strong> <a href=\"https:\/\/rapidsurveyproject.com\/our-research\/who-is-providing-for-providers\" target=\"_blank\" rel=\"noreferrer noopener\">Who is providing for providers?<\/a><\/p>\n\n\n\n<p>\u27a1\ufe0f <strong>U.S&nbsp; Department of Labor, Women\u2019s Bureau:<\/strong> <a href=\"https:\/\/www.dol.gov\/agencies\/wb\/topics\/childcare\/price-by-age-care-setting\">Interactive Map of Childcare Prices by Age of Children and Care Setting<\/a><\/p>\n\n\n\n<p><strong>\u27a1\ufe0f ZERO TO THREE:<\/strong> <a href=\"http:\/\/www.stateofbabies.org\/\" target=\"_blank\" rel=\"noreferrer noopener\">State of Babies Yearbook: 2023<\/a><\/p>\n\n\n\n<p><strong>\u27a1\ufe0f<\/strong> <strong>CLASP:<\/strong> <a href=\"https:\/\/www.clasp.org\/blog\/child-care-copays-are-coming-back\/\">Making Copayments Affordable As Child Care Emergency Funding Expires<\/a><\/p>\n\n\n\n<p><strong>\u27a1\ufe0f Child Care Aware:<\/strong> <a href=\"https:\/\/info.childcareaware.org\/blog\/state-session-round-up-summer-2023\">State Session Round Up: Summer 2023<\/a><\/p>\n\n\n\n<p><strong>\u27a1\ufe0f The Century Foundation:<\/strong> <a href=\"https:\/\/tcf.org\/content\/report\/child-care-cliff\/\">Research<\/a> on how funding cliff will impact the country &amp; each state<\/p>\n\n\n\n<p><strong>\u27a1\ufe0f&nbsp;The Brookings Institute:<\/strong> <a href=\"https:\/\/www.brookings.edu\/articles\/the-coming-end-of-federal-child-care-funding-threatens-working-mothers-gains\/\" target=\"_blank\" rel=\"noreferrer noopener\">Analysis &#8211; The coming end of federal child care funding threatens working mothers\u2019 gains<\/a><\/p>\n\n\n\n<p><strong>\u27a1\ufe0f Community Change:<\/strong> <a href=\"https:\/\/changewire.org\/childcare-providers-share-september-cliff-fears-in-new-survey\/\" target=\"_blank\" rel=\"noreferrer noopener\">Childcare Changemakers Survey on child care cliff&nbsp;<\/a><\/p>\n\n\n\n<hr class=\"wp-block-separator has-alpha-channel-opacity\"\/>\n\n\n\n<h2 class=\"wp-block-heading\"><strong>Qu\u00e9 est\u00e1 sucediendo en los estados<\/strong><\/h2>\n\n\n\n<p>LOOK AT THIS LIST! State-based organizations across the country are continuing to build power and drive narrative around child care. We love to see it.&nbsp;<\/p>\n\n\n\n<ul><li>California<ul><li><a href=\"https:\/\/tcf-dot-yamm-track.appspot.com\/2ru_Vg-8rG9Cu9jA35K_JB_QXpEgfkmYvUsO44jvRBbjy6ODbigFPNJ8f3Df3kNLcPlGR3EMyyIXG5Lna4n0jitZDIWp53ESt8xbRWIjXiWOsw1u_nI5He5yftDnB6dTGTHYZHzWy7IZ6Sf9U7ByxrRoB6JjnqEvLDxbLQPc1q2Fp8GTRXP1luwFFYqtx8hPZ2lDIqaFgCaNIEJ9qIDwMY9Nw5E0za1QijipvO37XI08TFF64nBE0bziGLW3fcL0ok3Y1mzgu2MBBiJWYONDdzrc\">San Diego Congresswoman pushes bill to avoid child care funding cliff&nbsp;<\/a><\/li><li><a href=\"https:\/\/tcf-dot-yamm-track.appspot.com\/2a3fy73bwgNK3TjEpYs1pFV2C_peiVlcbxsN9Apehxbv16ODbigGPuL_L3lC8ddFLXLGbD7E-k-hy3_WDPRrWBDi3ebdGXS17i55wAyZtMPQknqTEelySEi0I1gE-qcZMOM3THlNVxnNZqHCjjkGSdlNXfECxbPey74gPLJ8rkU2LIfnMWGjEkleBZuxiYO9WsFRRkxZzJQo63vSbEtZEY18ZRJHR1zzavd0sdAAuvnT_5rBfnHVr\">Vital Childcare Funding Ready to Expire at End of MonthIndependent<\/a>&nbsp;<\/li><li><a href=\"https:\/\/tcf-dot-yamm-track.appspot.com\/2yXTGDKnnhaphyQsWm-HLXSdlNqWes-ySDqENMl1vTGr46ODbigHEfCHG_jwquTLBVom2RMf4TgAmtD7d699Qzsuhx3gtoXuI4bu9u2T9wdj-DDPpdkXftoQBBtaaTh5x9eHwd6z2suOQy4576AaKTVYSeNjjANRurYrH-M437XV71yNf4OlrJ56p74XOvH35dVL39jffWycaQv_UFcfqN88AEvKS3QR5IXqlLmJ9H2iAtVW6gbWXpF1uh6bbvyf6gtl-LXfbRA\">A Child Care Center&#8217;s Possible Closure Shows Dire Shortage in Marin County<\/a><\/li><\/ul><\/li><li>Colorado<ul><li><a href=\"https:\/\/tcf-dot-yamm-track.appspot.com\/2QkqmDhON9POzXZFHK_dTNqEMiyK49HZGPsXIdjXz5bH76ODbigF8TUbpz9IDO_NscJQgGGZTK9XmlfT-Lvhcx4TuGH-WArO30oxWmZq-xujHZ-clQnAXG2uhlIOVSzt3PYdNW46hBGH38eh4h5SPMaofDCOyKzIqnHqI0Fb_WkQ0BiXBDNWcKYkyubHGmKtKpSnqbtHSWJpyZA08ZTlcINFuh769wkmtBbMDPCmyofb3S3kFQ2lrjW29dhy7uiqbFccuacEuGHcrndaK8YHvOLpJsuQ\">Colorado child care providers uncertain of future, as federal assistance stops at end of the month<\/a><\/li><\/ul><\/li><li>Connecticut<ul><li><a href=\"https:\/\/tcf-dot-yamm-track.appspot.com\/2Gr5EFytbkttLDsZwRvqFp8TCiGuVPtXBTJJpWUYF-ZL_6ODbigFHIl9SA9-Fs6_XTnkFNOianLxy8dYmqGtQC0tZl_fed3VA4tJU4y4X34xU-UT_yb7aL83oXaMnhYT_yDZyYE3FnZu-mfaTSTJOrSr6Ljg9p5GsQ4Bd4TNUur987EEAhCniSXqhdE8Hzkkrm8Ax0FuOMYQrftxXRSio9IFdZGD207WgZ7GtVE8ypkQ9pbeac25VMFPlMiZpV1DDBKSvJG-a_KIFMawRRVQfh91RRMo\">How expiring pandemic federal funding for childcare will affect parents, kids<\/a>&nbsp;<\/li><li><a href=\"https:\/\/tcf-dot-yamm-track.appspot.com\/2j_TWVgnFQtYwA6TWFEL-VKU641s7hE5AM8MPWNuRPzID6eDbigEo0O7MMXhrDr00bi87a51qXLr1ItXYVIB10MRKz0DZ0susma7p7YqwEEYpQdkwhDArZyna9zJPlesUSRcvEmYhIOFBiweD0KXvCciaDqnkoirnjofLpuMaQd_dV4DjaQRZC4csPc9BoZuqCypNQOuhEGPerzE_Ty1bpPzf37d1eeLZPKmTSizDLOA\">End of ARPA funds could leave 37,000 kids without child care in CT<\/a>&nbsp;<\/li><\/ul><\/li><li>Florida<ul><li><a href=\"https:\/\/tcf-dot-yamm-track.appspot.com\/2uRnpNNoJOkSDHyJyBplvALSwFtRQDTfj_SItL3lg8A0H6eDbigFQr2YuGOSq_poIYYoU7wA_PWBuUN6r1Yl_V6B9ewaBMestGBIIRe-QdGAWLdgDkU4lY9J-GkJqtGXHk56Th9NFiangNEywpn8F3Mu8aqSc0FJhPpScxUUV9DNbn_Y3Y7bBSpa_B4NsxHmnPf8wb748umS4JWsGQcq7rS9eIh47uQj78ycv5_zxoBa-Gc7vx-mKCI0fvVbxM9b1dr7ZJIxEYqaDaA\">End of federal program funding childcare centers could impact local economy<\/a><\/li><li><a href=\"https:\/\/tcf-dot-yamm-track.appspot.com\/2-xL2iZYT1OXtDsj7VExnEIHlhxwvtUuGoRWoIO0uTRgN6eDbigEaKrX11xSC2-xiQldgQwGTksi-2gkDezvh9-G2lu-jq20hMTmU70yC7mJdfsNS202Or6_yPiXMUb7p0RNNAaZl7ojwMbfsrixY3qN-F6xVRVZ__7vm3KvGfOlRNNgqO67sTE8aZhEkKA5WvjIWFfTUqNINKe2n_kt0rJTRy5hx1LZGTfuq5QJP_Rv-vhBcJD7xHhHeBlWQj7yLOKR23atQklfhfH5Bwoc1CmREsCaAx5Mrvwk\">Cost of childcare in Florida, already high, is about to go up. Here&#8217;s why.<\/a><\/li><li><a href=\"https:\/\/tcf-dot-yamm-track.appspot.com\/2bxs-aun3L6XUJdBsQonFcl40y0s5siVhxPm85Z4ky28R6eDbigEvan_1AcFcntkON8z9rbradIY4z7ogruG9EDBLaLfTtWI7gI_vxqjTpC1N_I7-9J08FCnxWQr_YWSGhsPSNJHuP55LmTj-bRpXQUGjL4D1edqWtfkbd2s6tyAmMqw1PuSYP6_2mfRsWrobOWsgFQbyAIwESJ7uQP3Nx9T8i1xiIQbiqW2Lry_LRus-yDQQiHTE5Is\">Report: childcare challenges cost Florida more than $5 billion annually<\/a><\/li><\/ul><\/li><li>Georgia<ul><li><a href=\"https:\/\/tcf-dot-yamm-track.appspot.com\/224RPcKR22YXtdeVmPd2PSSyPm4noGzskgNMgNMHsCKkU6eDbigEDN-tj3AOxpcZxUsn9rutdF7dRDG1QCs8-YPU4UeUgzol8rPMIDEb80HUNn27Z-KVYBCtjzJwyrbfvae2J3KocZfxIX7GZbykT8ayHfdsBk0ZBzpwGNS7oncY4CV-Noksoi8fLINGGbi_LKvM_OOzN44b7POD6t_3L2Mtrds-zO92JA9NFS-PAPkPnnBmZ9jQG48M0IqAJ_n9rXqqW6zSR7Zo\">Georgia childcare centers at risk of closing with federal funding set to expire<\/a>&nbsp;<\/li><\/ul><\/li><li>Illinois<ul><li><a href=\"https:\/\/tcf-dot-yamm-track.appspot.com\/22qHGzvOy0yhJ4ZreQ6u1C-PyJM3P-j8Cqb3BA4-OEx4W6eDbigF-NVEcHx7fS9QZgTuQCJThs61qddTq2bschZgXosfjnWkyx5QALb7P7xwRlFgZ4Br4VR5OZ1x6_mKvLEGb8KDbfvhEQGD90HKLpASJzflIpCRNuwlg09-Bjbi3rUNDjBTZDfwx0t6oduXRf8cn6G0JP4xMu18tXPZgyeC3xfjs6Omgrh6AiFo4LGJZZFi-yNas8WtnKBpK69E\">With Federal Funding Ending, Child Care Advocates Warn of Looming Cliff&nbsp;<\/a><\/li><\/ul><\/li><li>Indiana<ul><li><a href=\"https:\/\/tcf-dot-yamm-track.appspot.com\/2_ryQ69lP47peQlBEbv-H-mA3Cv9X6lR5mKVK-tZHUIUZ6eDbigFumAPslYfklq2GXGGMBFsIb_iLTiEvxUmQod1i58cT-Mmwd0r2EdyXzF-Cp_UZziZpTpYOh8kFdD-HtHI3uB_4f7Qa4R3KIF50HKtfAkgaZrCRlVMvWfd8J0ATgYkqAJpajwaKJEg202ZRKEFFZhrfJuCVkMSae34U40IYO43ngmc86qLrEm7K2uR0kzpVJE_PXoHzvuDyoxc7H7pgCj3SSfQmF88IleCL_3WamvPSGJxJV46FBQjFs3QaVJw3-as5-wkTPud3eFFuVjdo0pfvs-G_cg\">Childcare programs brace for changes as pandemic relief funding set to expire&nbsp;<\/a><\/li><\/ul><\/li><li>Kansas<ul><li><a href=\"https:\/\/tcf-dot-yamm-track.appspot.com\/2EuwIkHsve-wISuuq0PUAXf6j5OV-wmmBsJsBQa0G6u8e6eDbigE_tzQFRX3-UiiUVzm1hR4WxnC38CwEl3Nk6BRHjrQRDAGzzVz9ArBsZk__NaXn3RG9XYzdCx0obDAJbvkwxlXrF82GMjcmDMe3OHFspxaieQDVhzm7JHtghV8BVvH0rkasL_6eGjkEtJbiXutCrIVJo50uvgsKBVNso2QVU3dlupFvif-j6U_tBOy6BoibnuM3Yx7IzK56zHhIpN9OKfiu1RGkGVHLKg\">Child care can cost more than a mortgage in Kansas<\/a>&nbsp;<\/li><\/ul><\/li><li>Kentucky<ul><li><a href=\"https:\/\/tcf-dot-yamm-track.appspot.com\/2Sr9nLuTaflWiwGYHjf2qrU7zGq75SbZ63Vd_A0Qaih0h6eDbigHmP4X7XYD9WU8lhjZ0swl2EmSWn892e_5Vcg6Xp5--X0YIZwfM4eiKbMca_Xu3BID-WVrtCc87RYElL4pZ74eKQ2cfTcu6o6Q1jOM8wb9ZWYFDVSjlyAuxOY20Ih9faJB2D5-cJtVJLaiRKD8w1yeTP1hFjGnY9XzEFg53uK_TETUA_UeLoV7onrNNU0u0tnYd88Faj91BRkAKzRNR3EC6ki4K1nADRk9mormAOTdzTmjovW5wuozCWsVeAy5r-eFc\">Local parents struggle amid rising child care costs<\/a>&nbsp;<\/li><li><a href=\"https:\/\/tcf-dot-yamm-track.appspot.com\/27_Tfn0O2sbcbA7n8hpg1EtxKF2dCF6xSvIal_hLvXxwk6eDbigHDV5Ilyx6CFd8IJjwozir_ZNsfBILGMRBBONLPdyUY04vCUbgRC-zfiONybxGLaubRc_0gRAJouuK6tW_dMk8q2awFene9tCHu_RvopFN43dK3f6uot8yHEJuv1LcoJDFooXGlqgfLqWu4HkYnVzBu-QD9o9skiC37cfgSDQOkEb0REm1gkRcWG5GqMoExGiDD4o7Ggr1NL0tvjbT8Bg1T9eMK-2rRW2V96s78n8le1vRaShMoMKXuO8tfL7QVqP6Qdkohx7YHMcbF1d3WZRq3OxVaDSoiAx6nQ1IckaV701XYt4Yx8p0\">Child care crisis looming in Tri-State as federal funding set to expire<\/a><\/li><\/ul><\/li><li>Louisiana<ul><li><a href=\"https:\/\/tcf-dot-yamm-track.appspot.com\/28LYDmxM6huTIrjJg9X4ZujHqRZsr3OpVqU7VmUJkCyEn6eDbigFwZGmVMc4sWcN5eINguFxXrRsd8iYFZi8luxOU0dddSWqh6YMQKkjzUtMw40dz8k0InM5OEMjgM78HCwa-IKkB9WBQ6PZ_lTHQax-PuqVCXBOPNM5NATIwUXVfTs_EzzZKYz1XtC3UrTqdz1yDdduO6vsU-K53vzckeZMINe4EcxDkGsbLg9ABr_oQH0H-k1ygzN1hyOHGOI9n06uoaQ\">Child care programs at risk of closure nationwide, federal aid money expiring<\/a>&nbsp;<\/li><\/ul><\/li><li>Maine<ul><li><a href=\"https:\/\/tcf-dot-yamm-track.appspot.com\/2wyWVzl94g6NFtlecYx9_SjE3DZSDpFUB9zzPcxo2p9Yq6eDbigH6T2eUF7IHUmF7ONxblg1z8h9pwzhuG7DNFstpjnqEpMvYPmm--8FTbTEr3R6-MrJ4UBfYLp0JMpfcmk2dcSraPHcZ9hqbxOt7zMJ-TVR3ijI2C0qdNulLCAIKzKYJQwKNkZfcH5W1phCvyhTjmgseKOXD8w7-2kU4frcpZGVqKr5QNN7YByc40_zUmHzQtsMgxH6luvhDE9VPH8eFFvBwdWe-bYgeOLgNk2p3Qccc9y8ZnB8_CHlR1MJztiv_YjPBpqAnsil4ASq_r0NG_lMpUg\">Maine child care owners fear losing staff, closing classrooms if federal funding expires<\/a>&nbsp;<\/li><\/ul><\/li><li>Maryland<ul><li><a href=\"https:\/\/tcf-dot-yamm-track.appspot.com\/2UTkrGSctAHBrZSY2El-YGn4o2Lil2litpyNqSAs3Q_0t6eDbigG6Nwz0qYMTxthvh2yiwnGbeTvwv93UNvo4EvdRX89Zg-8yXAyNcInnbQ6m-zUEBmv4lYUignmcG9QNhHz_cmeVIVBve2KMu9T4umbHbpftdtMZ6-NvbSyMge6LXu7ekpO8hrpsSnMc2934O8hXespI9-g3o-e_EoIkrbEBU9EFH34G1LJS0Kj6UBoM6JZtzW_DB-hdQRmKFHyNUe8_sFsFajS0QmJklYgiUis57PrY8D5W6zfD53m_Vrgyuw\">Child Care at a Crossroads: Finding child care is already difficult and expensive \u2014 and it\u2019s about to get worse<\/a><\/li><\/ul><\/li><li>Massachusetts<ul><li><a href=\"https:\/\/tcf-dot-yamm-track.appspot.com\/2rblGfYUoUdH1kWBrDZEvRc9vlZuzXBTNIcX7e_Im8Sgw6eDbigEyk12OpHgPZH56K-Xl1adVxk_fAWGKt_MikF4BGc-4N0ehtaBWb07gqo2JTbZbjZir2qeVW31eq7VJn-PwNW0wjP1QQ4LlsNylUWaIdaSyw7ud3Q3vfcrIrP0tK33USHRgibKkqTEwwamPbINSaEJUsgRd43JT0SVGWH3Ewq6dnWojN2LpB81qwcmwZptGAUZ3Z_zBlfCty_Q_IVSgvb2B\">Pandemic-era childcare funding set to expire this month in Massachusetts<\/a><\/li><\/ul><\/li><li>Michigan<ul><li><a href=\"https:\/\/tcf-dot-yamm-track.appspot.com\/2EdeHrxwcrmVp7GLBzOitfCCKcvgYEQaLJGZpnodSzgEz6eDbigGt-sJ9QGNlntOlbkNKGw1DIjFkeUNeUTOEBLJDjETIdGreG0LroWm9_wD05zEKi-CyIMu8NnGkftbgPIlbSeU9eWPJGia9eRMd97jgQXVJ2cCNBUpY2NUcGmZRBSQzA7qzeUJ7mE1qNLWZbb8rp_Nns4Y2k6Bl6sbBig4y6bkbBKPyVjLbQ7CCBzWAgCq2R7sdRg3JZAHpxt0VinHWHPJYGlbB3P0gLTC833k3b2NTa7bFvSp8SLbgDahAoD76\">Federal Covid-19 relief funding for childcare to expire September 30<\/a><\/li><li><a href=\"https:\/\/tcf-dot-yamm-track.appspot.com\/25cCpds49HtLdgfI7sKJ4DHIQlPMG-0pePxyPRjCecRk26eDbigHDuHJr9WKTMLPLY8DYYxrlegyqmaFbBdV1OR-wMx5LlMEZkMlWMryzpVwRemNjSANoHgjyoy9BZce_t5QeuzX-FA9SsFRjnA0we81mkJ70HeDzJiYnk8A8AHK7ixTmuYV0GKBOmf9OTM48HUwE_2PC36ZshK61j8m8Lzg9EzhUPlDPl4QQAbwXWJpz5XofVJIJqXWJ415styMV\">Rising childcare costs impacting families of color in Michigan<\/a><\/li><\/ul><\/li><li>Missouri<ul><li><a href=\"https:\/\/tcf-dot-yamm-track.appspot.com\/2nQmP9tgwoM5kRe_qL7rJ7kNL5yZQHcAGhZZxpmzwHco96eDbigFwPE3XKvjNLp58cIS6ar8M0QlAiZA3GXtmoVUJrcw-gY02xXRRnpiSYEneqA63BBX-x-IkD6YdegggO0PK84J7PSFDQyGQaBfyTwfpz9EonSwk7Z_U7E2bYwJa1t-cX3d5x2E5fkPtd2Z_Q1kMxbA36tyKnEewZg3hLxOMAbmKiAUsgNdmD3YqcOXELw9aavv7ezV3N02gStKxh9XG836GY6KqraFwC0nGAID-n1HvXwx1epBly32kSCx8H6GTXLKsdjtAfZfTqCCB8NKc6Ga0zoNCAoY-0yCy1yBR\">Local child care programs looking for solutions ahead of loss of federal funds<\/a>&nbsp;<\/li><\/ul><\/li><li>Montana<ul><li><a href=\"https:\/\/tcf-dot-yamm-track.appspot.com\/2Mh6cKvI6AG_ToZFF0kUeWFbMhH7IiJp20ifxviwxY9xB6eDbigF1AI_Vvz-PT01FZ4alEmo64ViXxyO46l5A65nK_4efWnQ9Wl6RAz1osljwaAiozT3-kWn5hj_Q8LwhqoU1M3Y2olGOQTKtLBKVF60qH3IcY61ahGK_5NnUl9Amh0gPEseYGAGL9Nih_iFb-uffHqP2-tgyytAlt3CYWt5Lz2ASN_yyTW57Y6-qHY7ZSOvpxoVmYFzCZJSThdTb_waj\">End of federal child care funding expected to slam Montana providers<\/a><\/li><\/ul><\/li><li>New Jersey<ul><li><a href=\"https:\/\/tcf-dot-yamm-track.appspot.com\/2utpApoQIInNQdwRyhNSC4rHLvTfHbrSimhUOrvPcGo1F6eDbigHEDb9Vue1HssqDB4Lwu9fTYQhUktV77o1FJL-vOKGeawziEOvk82MNTGR7_u-DwSZYw83HqBHEwSGTkAmfO4rTcYtP3XoCs3bAXj3QA1EmqIYwBG1EBhrf_9v-FFXDCUBzSYgSEokPxxuF1Gkjp25siWaYYTn0ljLSGOO8NxHHeAqjnKcLOfotWVMMAE_KrvQRUEBd81-QNPZh0Id5q2y_nEuax6yaIXH0yDQpRZl_z-6_VntAeyydpOw\">NJ child care centers brace for funding &#8216;cliff&#8217; as Congress scrambles for solution<\/a><\/li><\/ul><\/li><li>New York&nbsp;<ul><li><a href=\"https:\/\/tcf-dot-yamm-track.appspot.com\/2jxjLtZlsM4q8KkLXaLHmVXkFn3Mmp7hzrWsJ1BgJQZ5I6eDbigG35Xa4aDPKRoJ6y1AFOq2cmIUHyt8maLLDkkAc2-44bnnSYFWZswiJl-RaXo7nfc8g6WwDqDnMxxRfCNIfD2aGfQ3hJ_mMo1cg5vv7hAhbE-QaM-TpmgG7v2ClUXc0ygeLCAvRjwMQuAvKlQrvtz04qeQN_8bHQ2V5gX3BbkCkmg8Ko9AObu_j8Iyxyo6_4JI\">The typical NYC family is spending more than 25% of its income on childcare \u2014 triple what&#8217;s deemed affordable<\/a><\/li><li><a href=\"https:\/\/tcf-dot-yamm-track.appspot.com\/2ENVN5fxj69loXzOLKrNtrpAfrPOKaQO5R2dKgwJF1q1L6eDbigGVDGrs8gr1Xxb-XLqBDbiKYuam0ydIIZFWzFL4_gWfVyz74brGw-Ndx44stJcBMEyR5G6E5Fbsofc9T-wFD7wJM5sPP79OHIVy35hcGW-FfAA7-2QvNoYWh2FDqeBV5bdKakzjhjxT08Rp8ZLE3b376HLiw83oCdQWywsgJ82wz8eFPt9xhzkPG2Ii6FWc3nAecShgdZa5ViElguK1y_ycKxJZ3UQUGqcppgN4bXnVhpmAESo-NFLX0laXsCQ\">Child Care Stabilization Act expiring, thousands of child care providers set to close if funding stops<\/a>&nbsp;<\/li><li><a href=\"https:\/\/tcf-dot-yamm-track.appspot.com\/2u_d3hV9HNNAAehwRh7hhsaEaI6viBugczUO-GnC2P6FN6eDbigH-P27lfoLtcXtRY054elZ1QM-aw3BDY3wcsco8miYcDltdBMM84vov-4PNqgpqjoqR7hzz0u4KXuVl49uCYbr2YsQOp0gT-XkexC64di3wvXCFcL7nZC_0lWZsWW6O1d87CUWfM4-91SAriCltABp_Mme24FGnFiY2_wEewqLWpqgLVpNXK2oK-AgLDMIRV2-ENQz-Zbq4oA\">Child care advocates raise concerns about expiring federal grant<\/a><\/li><\/ul><\/li><li>Oregon<ul><li><a href=\"https:\/\/www.oregonlive.com\/politics\/2023\/09\/oregon-pauses-awarding-child-care-subsidies-to-low-income-parents-citing-surge-in-demand.html\">Oregon pauses awarding child care subsidies to low-income parents, citing surge in demand<\/a><\/li><\/ul><\/li><\/ul>\n\n\n\n<p>Is there something in your state that we missed? Please email <a href=\"mailto:danielle@childcareforeveryfamily.org\">danielle@childcareforeveryfamily.org<\/a>.&nbsp;<\/p>\n\n\n\n<hr class=\"wp-block-separator has-alpha-channel-opacity\"\/>\n\n\n\n<h2 class=\"wp-block-heading\"><strong>Noticias nacionales de cuidado infantil<\/strong><\/h2>\n\n\n\n<ul><li><a href=\"https:\/\/fortune.com\/2023\/09\/28\/federal-childcare-funding-expire-terrible-us-economy-politics-jessica-sager\/\">Federal childcare funding is about to expire\u2013and it could be terrible for the U.S. economy<\/a> (Op-ed from Network member, All Our Kin in Fortune)&nbsp;<\/li><\/ul>\n\n\n\n<ul><li><a href=\"https:\/\/time.com\/6314455\/federal-childcare-funding-expiring-what-to-know\/\">Expiration of Federal Emergency Childcare Funding: What to Know<\/a> (Time)<br><\/li><li><a href=\"https:\/\/www.axios.com\/2023\/09\/20\/child-care-cliff?utm_source=twitter&amp;utm_medium=social&amp;utm_campaign=editorial\">A child care cliff is looming, for an industry that has long been \u201cbroken\u201d<\/a> (Axios)<br><\/li><li><a href=\"https:\/\/www.businessinsider.com\/girl-summer-taylor-swift-beyonce-barbie-childcare-crisis-pandemic-aid-2023-9\">Hot Girl Summer Is Giving Way to a Difficult Fall for Women<\/a> (Business Insider)<br><\/li><li><a href=\"https:\/\/nonprofitquarterly.org\/childcare-is-a-national-emergency-we-should-treat-it-like-one\/\">Child Care Is a National Emergency<\/a> (Nonprofit Quarterly)<br><\/li><li><a href=\"https:\/\/earlylearningnation.com\/2023\/09\/a-top-priority-for-generation-z-child-care\/\">A Top Priority for Generation Z? Child Care<\/a> (Early Learning Nation)<br><\/li><li><a href=\"https:\/\/www.romper.com\/life\/child-care-funding-cliff-arpa-funding\">Shut Down Or Charge More? Child Care Centers Will Be Facing A Choice <\/a>(Romper)<\/li><\/ul>\n\n\n\n<ul><li><a href=\"https:\/\/www.msnbc.com\/american-voices\/watch\/republicans-distract-with-biden-impeachment-as-childcare-cliff-draws-near-193131589888\">Republicans distract with Biden impeachment as childcare cliff draws near <\/a>(msnbc.com) (video)<br><\/li><li><a href=\"https:\/\/www.nytimes.com\/2023\/09\/20\/opinion\/child-care-cliff.html\">Opinion: The Hope at the Bottom of the \u2018Child Care Cliff\u2019<\/a> (The New York Times)<\/li><\/ul>\n\n\n\n<hr class=\"wp-block-separator has-alpha-channel-opacity\"\/>\n\n\n\n<h2 class=\"wp-block-heading\"><strong>L\u00edder destacada: Herlina Alvarez<\/strong><\/h2>\n\n\n\n<div class=\"wp-block-media-text alignwide has-media-on-the-right is-stacked-on-mobile\" style=\"grid-template-columns:auto 30%\"><figure class=\"wp-block-media-text__media\"><img loading=\"lazy\" decoding=\"async\" width=\"1024\" height=\"1024\" src=\"https:\/\/childcareforeveryfamily.org\/wp-content\/uploads\/2023\/09\/Tami-Lunan-1-1024x1024.png\" alt=\"\" class=\"wp-image-522 size-full\" srcset=\"https:\/\/childcareforeveryfamily.org\/wp-content\/uploads\/2023\/09\/Tami-Lunan-1-1024x1024.png 1024w, https:\/\/childcareforeveryfamily.org\/wp-content\/uploads\/2023\/09\/Tami-Lunan-1-300x300.png 300w, https:\/\/childcareforeveryfamily.org\/wp-content\/uploads\/2023\/09\/Tami-Lunan-1-150x150.png 150w, https:\/\/childcareforeveryfamily.org\/wp-content\/uploads\/2023\/09\/Tami-Lunan-1-768x768.png 768w, https:\/\/childcareforeveryfamily.org\/wp-content\/uploads\/2023\/09\/Tami-Lunan-1-12x12.png 12w, https:\/\/childcareforeveryfamily.org\/wp-content\/uploads\/2023\/09\/Tami-Lunan-1.png 1080w\" sizes=\"(max-width: 1024px) 100vw, 1024px\" \/><\/figure><div class=\"wp-block-media-text__content\">\n<p>Nuestro sistema actual de cuidado infantil se basa en creencias racistas y sexistas de que el cuidado infantil no es un \u201ctrabajo real\u201d y que las mujeres de color merecen que se les pague menos  que a las mujeres blancas\u2014debido a esto, las mujeres Latinx e hispanas est\u00e1n sobrerepresentadas en la fuerza laboral de cuidado infantil, lo que siempre ha estado y sigue estando mal pagado. De acuerdo a un an\u00e1lisis del <a href=\"https:\/\/19thnews.org\/2023\/09\/latinas-child-care-federal-cliff\/#:~:text=According%20to%20a%20National%20Women's,share%20in%20the%20overall%20workforce.\">an\u00e1lisis del Centro Nacional de Derecho de la Mujer<\/a>las latinas constituyen 7.8 por ciento del total de la fuerza laboral, pero hubo 17.9 por ciento de proveedoras de cuidado infantil en 2019.&nbsp;<\/p>\n\n\n\n<p><strong>In recognition of Hispanic Heritage Month this September and Latina Equal Pay Day on October 5, we interviewed Hispanic and Latinx child care providers across the country.<\/strong><\/p>\n\n\n\n<p><a href=\"https:\/\/childcareforeveryfamily.org\/es\/press-release\/una-conversacion-con-la-proveedora-de-cuidado-infantil-herlina-alvarez-a-conversation-with-child-care-provider-herlina-alvarez\/\" target=\"_blank\" rel=\"noreferrer noopener\">Lea nuestra primera entrevista con Herlina,<\/a>una l\u00edder de la Red socia Family Forward Oregon.<\/p>\n<\/div><\/div>","protected":false},"excerpt":{"rendered":"<p>Updates on the united movement for universal child care<\/p>","protected":false},"featured_media":484,"template":"","acf":[],"_links":{"self":[{"href":"https:\/\/childcareforeveryfamily.org\/es\/wp-json\/wp\/v2\/press_releases\/523"}],"collection":[{"href":"https:\/\/childcareforeveryfamily.org\/es\/wp-json\/wp\/v2\/press_releases"}],"about":[{"href":"https:\/\/childcareforeveryfamily.org\/es\/wp-json\/wp\/v2\/types\/press_releases"}],"wp:featuredmedia":[{"embeddable":true,"href":"https:\/\/childcareforeveryfamily.org\/es\/wp-json\/wp\/v2\/media\/484"}],"wp:attachment":[{"href":"https:\/\/childcareforeveryfamily.org\/es\/wp-json\/wp\/v2\/media?parent=523"}],"curies":[{"name":"wp","href":"https:\/\/api.w.org\/{rel}","templated":true}]}}