{"id":279,"date":"2022-10-31T04:21:23","date_gmt":"2022-10-31T08:21:23","guid":{"rendered":"https:\/\/childcareforeveryfamily.org\/?post_type=press_releases&#038;p=279"},"modified":"2022-10-31T04:25:46","modified_gmt":"2022-10-31T08:25:46","slug":"everyone-is-better-off-when-our-kids-are-better-off","status":"publish","type":"press_releases","link":"https:\/\/childcareforeveryfamily.org\/es\/press-release\/everyone-is-better-off-when-our-kids-are-better-off\/","title":{"rendered":"Una conversaci\u00f3n con Kristel England, del grupo de liderazgo de padres y madres."},"content":{"rendered":"<p><\/p>\n\n\n\n<div class=\"wp-block-media-text alignfull is-stacked-on-mobile is-vertically-aligned-top is-image-fill\" style=\"grid-template-columns:40% auto\"><figure class=\"wp-block-media-text__media\" style=\"background-image:url(https:\/\/childcareforeveryfamily.org\/wp-content\/uploads\/2022\/10\/SS16807-1-683x1024.jpg);background-position:48% 28.000000000000004%\"><img loading=\"lazy\" decoding=\"async\" width=\"683\" height=\"1024\" src=\"https:\/\/childcareforeveryfamily.org\/wp-content\/uploads\/2022\/10\/SS16807-1-683x1024.jpg\" alt=\"\" class=\"wp-image-280 size-full\" srcset=\"https:\/\/childcareforeveryfamily.org\/wp-content\/uploads\/2022\/10\/SS16807-1-683x1024.jpg 683w, https:\/\/childcareforeveryfamily.org\/wp-content\/uploads\/2022\/10\/SS16807-1-200x300.jpg 200w, https:\/\/childcareforeveryfamily.org\/wp-content\/uploads\/2022\/10\/SS16807-1-768x1152.jpg 768w, https:\/\/childcareforeveryfamily.org\/wp-content\/uploads\/2022\/10\/SS16807-1-8x12.jpg 8w, https:\/\/childcareforeveryfamily.org\/wp-content\/uploads\/2022\/10\/SS16807-1.jpg 800w\" sizes=\"(max-width: 683px) 100vw, 683px\" \/><\/figure><div class=\"wp-block-media-text__content\">\n<p>Kristel England es madre y activista en Parent Voices CA. Habl\u00f3 con nosotros sobre su trayectoria de estudiante y madre a activista del cuidado infantil, la importancia de que padres y madres se manifiesten por otros padres y sobre su visi\u00f3n del futuro del cuidado infantil.<\/p>\n\n\n\n<p><strong>Kristel, \u00a1gracias por tomarte el tiempo para conversar con nosotros! \u00bfC\u00f3mo empezaste tu labor en defensa del cuidado infantil?<\/strong><br>En 2010, mientras iba a la facultad para obtener mi t\u00edtulo de grado aqu\u00ed en California, perd\u00ed el beneficio de cuidado infantil. El subsidio para cuidado infantil del que depend\u00eda se elimin\u00f3 del presupuesto por decisi\u00f3n del gobernador de ese momento.<\/p>\n\n\n\n<p><br>Sin un servicio accesible de cuidado infantil como complemento mientras iba a la universidad, sent\u00ed que mi \u00fanica opci\u00f3n era abandonar mis estudios y buscar un empleo. Pero me di cuenta de que estaba entre la espada y la pared. Incluso si pospon\u00eda mis estudios para buscar un trabajo, los empleos que pod\u00eda conseguir sin un diploma no me dar\u00edan el dinero suficiente como para pagar servicios de cuidado infantil.<\/p>\n\n\n\n<p>Por eso me un\u00ed a Parent Voices, CA, una organizaci\u00f3n activista comunitaria en la que los padres y las madres trabajamos como l\u00edderes y representantes, para aumentar la financiaci\u00f3n y mejorar los servicios de cuidado infantil para todas las familias.<\/p>\n<\/div><\/div>\n\n\n\n<p>Parent Voices demand\u00f3 al estado de California para conseguir diversas extensiones de financiaci\u00f3n. Nos organizamos para lograr una soluci\u00f3n m\u00e1s permanente, y nuestro siguiente gobernador reestableci\u00f3 la financiaci\u00f3n para el cuidado infantil. Recuper\u00e9 el subsidio de cuidado infantil y pude obtener mi t\u00edtulo de grado.<\/p>\n\n\n\n<p><br>Fue asombroso ver que personas normales como yo y mis colegas de Parent Voices pod\u00edamos organizarnos para presionar al gobierno y ganar.<\/p>\n\n\n\n<p><strong>\u00a1Es tan inspirador! Hablando de defensa, \u00bfpor qu\u00e9 las elecciones de mitad de mandato de este a\u00f1o son importantes para el cuidado infantil?<\/strong><br>Mucha gente tiene dificultades para llegar a fin de mes por el alquiler, la comida y todos los dem\u00e1s precios en alza. Adem\u00e1s, el cuidado infantil afecta las finanzas de forma notable. Muchas familias est\u00e1n destinando una gran parte de sus ingresos al cuidado infantil. Tambi\u00e9n sabemos que la gente destina cada vez m\u00e1s ingresos a la vivienda; eso no deja mucho margen para las necesidades, y mucho menos para el ahorro.<\/p>\n\n\n\n<p><br>La pandemia gener\u00f3 conciencia sobre el hecho de que el sistema de cuidado infantil no est\u00e1 funcionando y que no funciona desde hace tiempo. Las elecciones de mitad de mandato son una oportunidad para unirnos y expresar que nos preparamos para cambiar eso.<\/p>\n\n\n\n<p><br><strong>\u00bfPor qu\u00e9 es importante que la Child Care for Every Family Network adopte una perspectiva de justicia racial y de g\u00e9nero en su trabajo?<\/strong><br>Si analizamos qui\u00e9nes trabajan en el \u00e1mbito del cuidado infantil, la mayor\u00eda son mujeres, inmigrantes y personas de color. En muchos casos, son personas cuyas identidades se cruzan en esos tres puntos. El salario promedio de estas personas trabajadoras es de apenas USD 13 la hora, y ese nivel de remuneraci\u00f3n para el trabajo de alta especializaci\u00f3n y alto impacto que llevan a cabo no es justo. Hay que tener en cuenta que estos trabajadores y trabajadoras tambi\u00e9n suelen dejar a sus propios hijos para cuidar los de otras personas, por un salario que no es suficiente en ning\u00fan lugar de este pa\u00eds para garantizar la vivienda y la comida.<\/p>\n\n\n\n<p><br><strong>\u00bfC\u00f3mo apoya la Network esta labor en comunidades como la tuya?<\/strong><br>La Network es una coalici\u00f3n compuesta por una gran cantidad de organizaciones y apoya el trabajo de campo. Por eso estuvimos en Nuevo M\u00e9xico para la Asamblea Regional Comunitaria. Tienen una medida emblem\u00e1tica en la boleta electoral que garantizar\u00eda la financiaci\u00f3n de la educaci\u00f3n temprana y el cuidado infantil. Ir de puerta en puerta y hablar con cada persona que vota es mucho trabajo, y hay que hacerlo para ganar.<\/p>\n\n\n\n<p><br>Eso es lo que hace la Network: ayudar a padres y madres a que se manifiesten a favor de otros padres y madres. Si se aprueba la medida electoral de Nuevo M\u00e9xico, a m\u00ed no me afecta directamente, porque estoy en California. Sin embargo, los ni\u00f1os y las ni\u00f1as de Nuevo M\u00e9xico estar\u00e1n mejor, y ese es un buen modelo para otros estados, as\u00ed que tengo que estar presente.<\/p>\n\n\n\n<p><br><strong>Cu\u00e1l es su visi\u00f3n acerca del futuro del cuidado infantil en este pa\u00eds?<\/strong><br>Lo primero y m\u00e1s importante es que las infancias tengan un lugar seguro para jugar y aprender. Sabemos que los padres y las madres no pueden pagar m\u00e1s por las guarder\u00edas, y que los cuidadores no pueden ganar menos. Como sociedad, elegimos encargarnos conjuntamente de las carreteras, las emergencias por incendios y otras necesidades colectivas. \u00bfPor qu\u00e9 no podemos crear la misma infraestructura para nuestros ni\u00f1os y ni\u00f1as m\u00e1s peque\u00f1os, para garantizar su seguridad, educaci\u00f3n, cuidado y atenci\u00f3n? Es realmente hacia donde veo que se dirige este movimiento a favor del cuidado infantil universal. Queremos aumentar los salarios de quienes imparten esos cuidados, reducir o eliminar los gastos de los padres y las madres, y que todos los ni\u00f1os y las ni\u00f1as las prosperen. \u201cSi nuestros ni\u00f1os y ni\u00f1as est\u00e1n bien, todos estamos mejor\u201d.<\/p>\n\n\n\n<div style=\"height:28px\" aria-hidden=\"true\" class=\"wp-block-spacer\"><\/div>\n\n\n\n<figure class=\"wp-block-pullquote has-extra-small-font-size\" style=\"border-radius:19px\"><blockquote><p>\u201cComo sociedad, elegimos encargarnos conjuntamente de las carreteras, las emergencias por incendios y otras necesidades colectivas. \u00bfPor qu\u00e9 no podemos crear la misma infraestructura para nuestros ni\u00f1os y ni\u00f1as m\u00e1s peque\u00f1os, para garantizar su seguridad, educaci\u00f3n, cuidado y atenci\u00f3n?\u201d<\/p><\/blockquote><\/figure>\n\n\n\n<div style=\"height:28px\" aria-hidden=\"true\" class=\"wp-block-spacer\"><\/div>\n\n\n\n<p><br><em>The <\/em><strong><em>The Child Care for Every Family Network<\/em><\/strong><em> se nutre de la experiencia de las personas que trabajan en sus comunidades para transformar nuestro sistema de cuidado infantil. Nuestra serie Perfil de l\u00edder es una oportunidad para conocer mejor a padres, madres, proveedores, activistas y defensores que trabajan en conjunto para construir un nuevo sistema de cuidado infantil.<\/em><\/p>","protected":false},"excerpt":{"rendered":"<p>\u201cSi nuestros ni\u00f1os y ni\u00f1as est\u00e1n bien, todos estamos mejor\u201d<\/p>","protected":false},"featured_media":280,"template":"","acf":[],"_links":{"self":[{"href":"https:\/\/childcareforeveryfamily.org\/es\/wp-json\/wp\/v2\/press_releases\/279"}],"collection":[{"href":"https:\/\/childcareforeveryfamily.org\/es\/wp-json\/wp\/v2\/press_releases"}],"about":[{"href":"https:\/\/childcareforeveryfamily.org\/es\/wp-json\/wp\/v2\/types\/press_releases"}],"wp:featuredmedia":[{"embeddable":true,"href":"https:\/\/childcareforeveryfamily.org\/es\/wp-json\/wp\/v2\/media\/280"}],"wp:attachment":[{"href":"https:\/\/childcareforeveryfamily.org\/es\/wp-json\/wp\/v2\/media?parent=279"}],"curies":[{"name":"wp","href":"https:\/\/api.w.org\/{rel}","templated":true}]}}